{"id":1141,"date":"2021-06-12T17:33:15","date_gmt":"2021-06-12T15:33:15","guid":{"rendered":"https:\/\/machinek.pl\/?p=1141"},"modified":"2021-06-16T19:31:39","modified_gmt":"2021-06-16T17:31:39","slug":"czy-jest-to-wazne-by-wierni-wrocili-do-kosciolow","status":"publish","type":"post","link":"https:\/\/machinek.pl\/?p=1141","title":{"rendered":"Czy jest to wa\u017cne, by wierni wr\u00f3cili do ko\u015bcio\u0142\u00f3w?"},"content":{"rendered":"<p>Kiedy patrzy si\u0119 na ostatnie kilkana\u015bcie miesi\u0119cy nie tylko z perspektywy indywidualnej, ale tak\u017ce z perspektywy wsp\u00f3lnoty Ko\u015bcio\u0142a, to trzeba stwierdzi\u0107, \u017ce jednym z bolesnych skutk\u00f3w pandemii jest znaczny spadek tzw. dominicantes, czyli os\u00f3b regularnie ucz\u0119szczaj\u0105cych na Msz\u0119 \u015bw. niedzieln\u0105. Trudno si\u0119 zatem dziwi\u0107, \u017ce pasterze Ko\u015bcio\u0142a zwr\u00f3cili uwag\u0119 na t\u0119 spraw\u0119. Przewodnicz\u0105cy Konferencji Episkopatu Polski, Arcybiskup Stanis\u0142aw G\u0105decki, wezwa\u0142 duszpasterzy do intensywnej troski o to, by wierni na nowo powr\u00f3cili do zwyczaju uczestniczenia w niedzielnej Eucharystii, natomiast decyzj\u0105 Konferencji Episkopatu Polski z dniem 20 czerwca 2021 r. zosta\u0142y we wszystkich diecezjach w Polsce jednocze\u015bnie zniesione dyspensy od uczestniczenia w niedzielnej Eucharystii, udzielone wiernym na czas pandemii.<!--more--><\/p>\n<p>Katolicy przez wieki cenili sobie niedzieln\u0105 Eucharysti\u0119 w szczeg\u00f3lny spos\u00f3b. Owszem, stanowi\u0142a ona centralny element tradycji, przekazywany z pokolenia na pokolenie. Ale by\u0142a tak\u017ce niezwykle cennym skarbem, za wierno\u015b\u0107 kt\u00f3remu wielu nie waha\u0142o si\u0119 cierpie\u0107, a niekt\u00f3rzy byli nawet gotowi odda\u0107 \u017cycie. W soborowej konstytucji o liturgii <em>Sacrosanctum concilium<\/em> okre\u015blono liturgi\u0119, szczeg\u00f3lnie Eucharysti\u0119, jako szczyt, do kt\u00f3rego zmierza ca\u0142a dzia\u0142alno\u015b\u0107 Ko\u015bcio\u0142a i zarazem \u017ar\u00f3d\u0142o, z kt\u00f3rego wyp\u0142ywa jego moc (SC 10). Bez niedzielnej Eucharystii i zgromadzonej w \u015bwi\u0105tyni w Dzie\u0144 Pa\u0144ski wsp\u00f3lnoty, w kt\u00f3rej pod przewodnictwem wy\u015bwi\u0119conego kap\u0142ana celebrowana jest Eucharystia, \u017cycie religijne albo si\u0119 wyradza w jak\u0105\u015b roszczeniow\u0105 form\u0119 duchowo\u015bci indywidualistycznej, albo zamiera zupe\u0142nie i szybko jest zast\u0119powane przez r\u00f3\u017cne formy aktywno\u015bci kulturowej, daj\u0105ce iluzj\u0119 powa\u017cnego \u017cycia duchowego. St\u0105d te\u017c Kodeks Prawa Kanonicznego podkre\u015bla obowi\u0105zek ka\u017cdego doros\u0142ego katolika, by w niedziel\u0119 i \u015bwi\u0119ta nakazane uczestniczy\u0107 we Mszy \u015bw. Niedzielna Eucharystia zawsze by\u0142\u0105 i pozostaje nadal kluczowym elementem katolickiej to\u017csamo\u015bci. Sprawa wydaje si\u0119 wi\u0119c oczywista i nie wymagaj\u0105ca wyja\u015bnienia.<\/p>\n<p>Mimo to wezwanie arcybiskupa G\u0105deckiego do powrotu do ko\u015bcio\u0142\u00f3w zosta\u0142o ostro skrytykowane. Przewodnicz\u0105cemu Konferencji Episkopatu Polski zarzucono, \u017ce dba jedynie o interes instytucji, a rozmija si\u0119 z potrzebami wiernych; \u017ce stara si\u0119 utrzyma\u0107 status quo, zamiast rozpocz\u0105\u0107 na nowo w zupe\u0142nie inny spos\u00f3b; \u017ce pokaza\u0142 oblicze odrealnionego Episkopatu, kt\u00f3ry w pos\u0142usznym ucz\u0119szczaniu na niedzieln\u0105 Eucharysti\u0119 widzi jedyn\u0105 miar\u0119 kondycji Ko\u015bcio\u0142a w Polsce. Jeden z prominentnych kaznodziej\u00f3w internetowych, o. Adam Szustak, okaza\u0142 swoje oburzenie w tej kwestii w szczeg\u00f3lnie wyakcentowany spos\u00f3b, nie stroni\u0105c od nonszalancji i \u2013 delikatnie m\u00f3wi\u0105c \u2013 dosy\u0107 pospolitego j\u0119zyka.<\/p>\n<p>Gdyby bardzo chcia\u0142o si\u0119 widzie\u0107 w tej krytyce jakie\u015b ziarno prawdy, mo\u017cna by stwierdzi\u0107, \u017ce praktyka niedzielnej Eucharystii jest w pe\u0142ni owocna jedynie dla kogo\u015b, kto \u017cyje wiar\u0105 na co dzie\u0144, kto \u2013 m\u00f3wi\u0105c \u017cargonem medialnych kaznodziej\u00f3w \u2013 jest ju\u017c zewangelizowany i wybra\u0142 Chrystusa jako swojego osobistego Zbawc\u0119 i Pana. W przeciwnym razie staje si\u0119 mniej czy bardziej u\u015bwiadomionym rytua\u0142em. Trudno zaprzeczy\u0107, \u017ce dotychczas \u201echodzenie do ko\u015bcio\u0142a\u201d by\u0142o wprawdzie u wielu wiernych odziedziczonym zwyczajem, jednak nie sta\u0142o si\u0119 potrzeb\u0105 serca. Czas pandemii bole\u015bnie ujawni\u0142 t\u0105 powierzchown\u0105 motywacj\u0119. Dla my\u015bl\u0105cych w ten spos\u00f3b ju\u017c nie wielkie supermarkety, publiczna komunikacj\u0105, miejsca rozrywki i prywatne imprezy, ale w\u0142a\u015bnie ko\u015bcio\u0142y sta\u0142y si\u0119 miejscami szczeg\u00f3lnie niebezpiecznymi, w kt\u00f3rych cz\u0142owiek z bardzo du\u017cym prawdopodobie\u0144stwem mo\u017ce zarazi\u0107 si\u0119 koronawirusem.<\/p>\n<p>Czy jednak krytykowania wezwania do powrotu do ko\u015bcio\u0142\u00f3w jest w\u0142a\u015bciw\u0105 drog\u0105? Zniech\u0119canie wierz\u0105cych do niedzielnej Eucharystii jest w praktyce odcinaniem ich od \u017ar\u00f3d\u0142a duchowej mocy. Nawet je\u017celi s\u0105 to ludzie, kt\u00f3rzy ucz\u0119szczali na Msz\u0119 \u015bw. jedynie z tradycji, to przecie\u017c s\u0142owo Bo\u017ce, s\u0142uchane co tydzie\u0144, mo\u017ce kiedy\u015b trafi\u0107 do ich serc i umys\u0142\u00f3w. Wielu z nich nie daje sobie \u017cadnej innej okazji, by s\u0142owo Bo\u017ce mog\u0142o pojawi\u0107 si\u0119 w ich \u015bwiadomo\u015bci. Je\u017celi si\u0119 bagatelizuje wezwanie do odnowienia zwyczaju ucz\u0119szczania na niedzieln\u0105 Eucharysti\u0119, to co daje si\u0119 im w zamian? Gdzie ludzie o by\u0107 mo\u017ce powierzchownej i nieugruntowanej wierze maj\u0105 us\u0142ysze\u0107 Bo\u017ce s\u0142owo? Czy w miejsce niedzielnego zgromadzenia liturgicznego maj\u0105 raczej codziennie odwiedza\u0107 internetowe kapliczki swoich ulubionych kaznodziej\u00f3w, kt\u00f3rzy informuj\u0105 ich, co akurat zjedli i wypili, dlaczego czuj\u0105 si\u0119 dobrze lub kiepsko i \u017ce w\u0142a\u015bnie zatankowali samoch\u00f3d?<\/p>\n<p>Dla wielu ta krytyka wezwania biskup\u00f3w do powrotu do ko\u015bcio\u0142\u00f3w b\u0119dzie jednoznaczna z bagatelizowaniem niedzielnej Eucharystii i dlatego jest ona fatalnym b\u0142\u0119dem. Oczywi\u015bcie wraz ze skierowanym do wiernych wezwaniem do powrotu do niedzielnej Eucharystii, trzeba skierowa\u0107 apel tak\u017ce do kap\u0142an\u00f3w, by niedzielna Eucharystia zawsze by\u0142a starannie przygotowana i ze czci\u0105 odprawiana. Wierni maj\u0105 nie tylko obowi\u0105zek przychodzenia na niedzieln\u0105 Eucharysti\u0119, ale te\u017c niezbywalne prawo do \u015bwi\u0119towania jej w czystym i zadbanym ko\u015bciele. Maj\u0105 te\u017c prawo do godnej atmosfery celebracji, ale przede wszystkim maj\u0105 prawo do starannie przeczytanego i wy\u0142o\u017conego s\u0142owa Bo\u017cego. I nie chodzi tu wcale o uczone homilie, ale o refleksj\u0119 zrodzon\u0105 z dokonanej przez celebransa uwa\u017cnej lektury i przemodlenia s\u0142owa Bo\u017cego. To o wiele wa\u017cniejsze, ni\u017c udziwnianie liturgii elementami w\u0142asnego pomys\u0142u. Ostatecznie wi\u0119c mo\u017ce ta ostra kontrowersja przyczyni si\u0119 do wi\u0119kszego docenienia tego daru i przywileju, jakim jest uczestniczenie w niedzielnej Eucharystii \u2013 ju\u017c nie wirtualnie, ale osobi\u015bcie?<\/p>\n<p style=\"text-align: right;\">Ks. Marian Machinek MSF<\/p>\n","protected":false},"excerpt":{"rendered":"<p>Kiedy patrzy si\u0119 na ostatnie kilkana\u015bcie miesi\u0119cy nie tylko z perspektywy indywidualnej, ale tak\u017ce z perspektywy wsp\u00f3lnoty Ko\u015bcio\u0142a, to trzeba stwierdzi\u0107, \u017ce jednym z bolesnych skutk\u00f3w pandemii jest znaczny spadek tzw. dominicantes, czyli os\u00f3b regularnie ucz\u0119szczaj\u0105cych na Msz\u0119 \u015bw. niedzieln\u0105. Trudno si\u0119 zatem dziwi\u0107, \u017ce pasterze Ko\u015bcio\u0142a zwr\u00f3cili uwag\u0119 na t\u0119 spraw\u0119. Przewodnicz\u0105cy Konferencji Episkopatu &hellip; <\/p>\n<p class=\"link-more\"><a href=\"https:\/\/machinek.pl\/?p=1141\" class=\"more-link\">Czytaj dalej<span class=\"screen-reader-text\"> \u201eCzy jest to wa\u017cne, by wierni wr\u00f3cili do ko\u015bcio\u0142\u00f3w?\u201d<\/span><\/a><\/p>\n","protected":false},"author":2,"featured_media":0,"comment_status":"closed","ping_status":"","sticky":false,"template":"","format":"standard","meta":{"footnotes":""},"categories":[1],"tags":[],"class_list":["post-1141","post","type-post","status-publish","format-standard","hentry","category-non-classe"],"_links":{"self":[{"href":"https:\/\/machinek.pl\/index.php?rest_route=\/wp\/v2\/posts\/1141","targetHints":{"allow":["GET"]}}],"collection":[{"href":"https:\/\/machinek.pl\/index.php?rest_route=\/wp\/v2\/posts"}],"about":[{"href":"https:\/\/machinek.pl\/index.php?rest_route=\/wp\/v2\/types\/post"}],"author":[{"embeddable":true,"href":"https:\/\/machinek.pl\/index.php?rest_route=\/wp\/v2\/users\/2"}],"replies":[{"embeddable":true,"href":"https:\/\/machinek.pl\/index.php?rest_route=%2Fwp%2Fv2%2Fcomments&post=1141"}],"version-history":[{"count":3,"href":"https:\/\/machinek.pl\/index.php?rest_route=\/wp\/v2\/posts\/1141\/revisions"}],"predecessor-version":[{"id":1144,"href":"https:\/\/machinek.pl\/index.php?rest_route=\/wp\/v2\/posts\/1141\/revisions\/1144"}],"wp:attachment":[{"href":"https:\/\/machinek.pl\/index.php?rest_route=%2Fwp%2Fv2%2Fmedia&parent=1141"}],"wp:term":[{"taxonomy":"category","embeddable":true,"href":"https:\/\/machinek.pl\/index.php?rest_route=%2Fwp%2Fv2%2Fcategories&post=1141"},{"taxonomy":"post_tag","embeddable":true,"href":"https:\/\/machinek.pl\/index.php?rest_route=%2Fwp%2Fv2%2Ftags&post=1141"}],"curies":[{"name":"wp","href":"https:\/\/api.w.org\/{rel}","templated":true}]}}