{"id":1179,"date":"2021-09-11T19:58:28","date_gmt":"2021-09-11T17:58:28","guid":{"rendered":"https:\/\/machinek.pl\/?p=1179"},"modified":"2021-09-11T19:58:28","modified_gmt":"2021-09-11T17:58:28","slug":"opilowywanie-katolikow","status":"publish","type":"post","link":"https:\/\/machinek.pl\/?p=1179","title":{"rendered":"Opi\u0142owywanie katolik\u00f3w"},"content":{"rendered":"<p>Campus Polska Przysz\u0142o\u015bci by\u0142 pomy\u015blany jako swego rodzaju szko\u0142a letnia przeznaczona dla m\u0142odych lider\u00f3w i aktywist\u00f3w, st\u0105d zapewne wybrano jako miejsce odbywaj\u0105cej si\u0119 w dniach od 27 sierpnia do 2 wrze\u015bnia 2021 imprezy rozleg\u0142y obszar Uniwersytetu Warmi\u0144sko-Mazurskiego w Olsztynie. To jeden z naj\u0142adniejszych i najrozleglejszych kampus\u00f3w uniwersyteckich w Polsce. Na jego terenie znajduj\u0105 si\u0119 nie tylko sale wyk\u0142adowe r\u00f3\u017cnej wielko\u015bci oraz akademiki, w kt\u00f3rych mo\u017cna w czasie wakacyjnym przyj\u0105\u0107 go\u015bci, przestrzenie spacerowe oraz rozleg\u0142e obszary zielone, na kt\u00f3rych mo\u017cna ustawi\u0107 tymczasowe hale, ale tak\u017ce stadion i jezioro wraz z infrastruktur\u0105 wypoczynkow\u0105. Zazwyczaj jednak szko\u0142a letnia kojarzy si\u0119 z transferem i popularyzacj\u0105 wiedzy na wybrany naukowy temat, co by\u0142oby zgodne z dawn\u0105 ide\u0105 akademii. Wszak mia\u0142a ona by\u0107 wsp\u00f3lnoty ucz\u0105cych i uczonych i stanowi\u0107 co\u015b w rodzaju tygla, w kt\u00f3rym \u015bcieraj\u0105 si\u0119 ze sob\u0105 r\u00f3\u017cne idee. W tym wypadku jednak, chocia\u017c organizatorzy podkre\u015blali, \u017ce Campus Polska Przysz\u0142o\u015bci nie by\u0142 organizowany przez \u017cadn\u0105 parti\u0119 polityczn\u0105, trudno by\u0142o widzie\u0107 go inaczej, jak tylko jako propagandow\u0105 imprez\u0119 obecnej politycznej opozycji. Jej organizatorami oraz go\u015b\u0107mi byli wy\u0142\u0105cznie politycy opozycji, w tym jej liderzy, lub te\u017c osoby zwi\u0105zane z opozycj\u0105 z obszaru nauki, kultury, polityki oraz medi\u00f3w. Zaproszono tak\u017ce go\u015bci zagranicznych, jednak wy\u0142\u0105cznie takich, kt\u00f3rzy sympatyzuj\u0105 z aktualn\u0105 polsk\u0105 opozycj\u0105. Niekt\u00f3re tematy paneli dyskusyjnych i warsztat\u00f3w nie pozostawia\u0142y w\u0105tpliwo\u015bci, \u017ce chodzi\u0142o o szkolenie i integrowanie tej cz\u0119\u015bci m\u0142odzie\u017cy studenckiej, kt\u00f3ra mo\u017ce w\u0142\u0105czy\u0107 si\u0119 w antyrz\u0105dow\u0105 propagand\u0119.<!--more--><\/p>\n<p>Do obszar\u00f3w, kt\u00f3rym obecna opozycja po\u015bwi\u0119ca wiele uwagi, nale\u017cy rola Ko\u015bcio\u0142a katolickiego w \u017cyciu spo\u0142ecznym. Zgodnie z lewicow\u0105 agend\u0105, kt\u00f3ra zaczyna w tych \u015brodowiskach dominowa\u0107, Ko\u015bci\u00f3\u0142 katolicki musi zosta\u0107 wyrugowany z \u017cycia publicznego lub te\u017c tak \u201eudomowiony\u201d, by ograniczy\u0142 si\u0119 jedynie do sfery i spraw czysto religijnych, do u\u015bwietniania uroczysto\u015bci i tworzenia podnios\u0142ej, religijnej atmosfery. Nie wolno mu natomiast zg\u0142asza\u0107 ani promowa\u0107 \u017cadnych postulat\u00f3w, kt\u00f3re mog\u0142yby wp\u0142ywa\u0107 na debat\u0119 spo\u0142eczn\u0105 i by\u0142y zgodne z chrze\u015bcija\u0144skim obrazem cz\u0142owieka i chrze\u015bcija\u0144sk\u0105 wizj\u0105 \u017cycia spo\u0142ecznego,.<\/p>\n<p>W tym kontek\u015bcie trzeba rozumie\u0107 s\u0142ynne ju\u017c s\u0142owa pos\u0142a Platformy Obywatelskiej, S\u0142awomira Nitrasa, wypowiedziane podczas jednej z debat. S\u0105 one o tyle godne uwagi, \u017ce wyrazi\u0142 on stanowisko lansowane od lat w lewicowych mediach. Stwierdzi\u0142, \u017ce nale\u017cy odpi\u0142owa\u0107 katolik\u00f3w od pewnych przywilej\u00f3w. Jak podkre\u015bla\u0142, Ko\u015bci\u00f3\u0142 zajmuje zbyt wiele miejsca w przestrzeni spo\u0142ecznej. Wypowied\u017a pos\u0142a Nitrasa zosta\u0142a skrytykowana, nawet w szeregach jego partyjnych i ideowych towarzyszy, on jednak nie dostrzeg\u0142 w niej niczego niestosownego. Jak podkre\u015bli\u0142, problemem s\u0105 nie tylko kwestie finansowe, ale przede wszystkim brak zgody Ko\u015bcio\u0142a na typowo lewicowe postulaty, jak np. prawo do aborcji, czy te\u017c do zawierania ma\u0142\u017ce\u0144stw jednop\u0142ciowych. Nitras twierdzi, \u017ce prawo w Polsce jest kszta\u0142towane \u201epod wyobra\u017cenie doktryny Ko\u015bcio\u0142a katolickiego\u201d i \u017ce generalnie \u201eKo\u015bci\u00f3\u0142 katolicki ma nadmierny wp\u0142yw na nasze \u017cycie\u201d. Jako kiepski dowcip trzeba uzna\u0107 stwierdzenie Nitrasa, \u017ce jest chrze\u015bcijaninem, ale nie chodzi do Ko\u015bcio\u0142a. Stwierdzenie to obna\u017ca ten rodzaj fasadowego chrze\u015bcija\u0144stwa, kt\u00f3re w praktyce jest r\u00f3wnoznaczne z postaw\u0105 agnostyczn\u0105 lub ateistyczn\u0105. Wszystkie te postawy podzielaj\u0105 przecie\u017c wsp\u00f3lne przekonanie, \u017ce wiara religijna nie mo\u017ce i nie powinna wp\u0142ywa\u0107 na \u017cycie. Mo\u017ce taki pogl\u0105d jest prawdziwy w przypadku innych religii, ale na pewno nie w odniesieniu do wiary chrze\u015bcija\u0144skiej.<\/p>\n<p>Warto zapyta\u0107, na jakim wyobra\u017ceniu Ko\u015bcio\u0142a bazuj\u0105 tego rodzaju wypowiedzi? Czy gdyby Ko\u015bci\u00f3\u0142 by\u0142 jedynie organizacj\u0105 z\u0142o\u017con\u0105 z duchownych stoj\u0105c\u0105 niejako naprzeciw spo\u0142ecze\u0144stwa, mia\u0142by w og\u00f3le jaki\u015b wp\u0142yw na \u017cycie spo\u0142eczne? Osoby, kt\u00f3re maj\u0105 tak\u0105 wizj\u0119 Ko\u015bcio\u0142a, zdaj\u0105 si\u0119 nie dostrzega\u0107, \u017ce Ko\u015bci\u00f3\u0142 mo\u017ce mie\u0107 wp\u0142yw na debat\u0119 publiczn\u0105 jedynie dlatego, \u017ce sk\u0142ada si\u0119 on z rzesz ludzi wierz\u0105cych, kt\u00f3rzy \u2013 w\u0142a\u015bnie jako wierz\u0105cy! \u2013 chc\u0105 i maj\u0105 prawo uczestniczy\u0107 w kszta\u0142towaniu prawa i polityki. Jako wierz\u0105cy maj\u0105 prawo by\u0107 wybierani do sejmu i senatu, jako wierz\u0105cy maj\u0105 prawo dzia\u0142a\u0107 w samorz\u0105dach i w\u0142a\u015bnie jako wierz\u0105cy maj\u0105 prawo popiera\u0107 pewne postulaty, a sprzeciwia\u0107 si\u0119 innym, poddaj\u0105c si\u0119 demokratycznym procedurom. Zaprzeczenie temu prawu by\u0142oby r\u00f3wnoznaczne ze stwierdzeniem, \u017ce wprawdzie socjali\u015bci, feministki, zwolennicy spo\u0142eczno\u015bci LGBT, zwolennicy walki z globalnym ociepleniem, wegetarianie i wszyscy inni maj\u0105 prawo otwarcie promowa\u0107 sw\u00f3j \u015bwiatopogl\u0105d i tak te\u017c g\u0142osowa\u0107 we wszelkiego rodzaju g\u0142osowaniach, tylko katolikom jest to zabronione. Oni musz\u0105 w przestrzeni publicznej wyrzec si\u0119 swoich przekona\u0144 dotycz\u0105cych warto\u015bci \u017cycia, ochrony rodziny i kszta\u0142tu \u017cycia spo\u0142ecznego, podczas gdy innym wolno promowa\u0107 idee ca\u0142kowicie odmienne. Jako\u015b nie s\u0142ycha\u0107 protest\u00f3w, \u017ce jaka\u015b grupa promuj\u0105ca skrajnie lewicowe pogl\u0105dy, zamierza narzuci\u0107 ca\u0142emu spo\u0142ecze\u0144stwu sw\u00f3j \u015bwiatopogl\u0105d. Wystarczy jednak, \u017ce jaki\u015b postulat zg\u0142aszaj\u0105 katolicy, natychmiast taki zarzut bywa g\u0142o\u015bno wyra\u017cany. Pose\u0142 Nitras bezwiednie powiedzia\u0142 prawd\u0119: w wizji Polski przysz\u0142o\u015bci, promowanej na olszty\u0144skiej imprezie, chodzi\u0142o o opi\u0142owanie katolik\u00f3w, a wi\u0119c os\u00f3b wierz\u0105cych, nie tylko z ich domniemanych przywilej\u00f3w, ale tak\u017ce z przys\u0142uguj\u0105cych im praw.<\/p>\n<p>Problem le\u017cy jednak nie tylko w takiej wizji przysz\u0142o\u015bci, ale w samej koncepcji dyskursu publicznego skoncentrowanego jedynie wok\u00f3\u0142 wp\u0142yw\u00f3w i dominacji jednych nad drugimi. Czy w debacie spo\u0142ecznej nie powinno chodzi\u0107 o co\u015b zupe\u0142nie innego? O najlepszy pomys\u0142 na kszta\u0142towanie \u017cycia spo\u0142ecznego, niezale\u017cnie sk\u0105d by pochodzi\u0142? O decyzje, kt\u00f3re nie tylko na kr\u00f3tk\u0105 met\u0119 przysparzaj\u0105 wyborc\u00f3w, ale tak\u017ce d\u0142ugofalowo przyczyniaj\u0105 si\u0119 do dobrostanu obywateli? Kto jednak dzisiaj patrzy na polityk\u0119 jak\u0105 na wsp\u00f3ln\u0105 trosk\u0119 o <em>polis<\/em> \u2013 o spo\u0142ecze\u0144stwo, a w nim o ka\u017cdego obywatela, kt\u00f3ry potrzebuje \u017cycia spo\u0142ecznego, by m\u00f3g\u0142 si\u0119 rozwija\u0107, a jednocze\u015bnie poprzez sw\u00f3j rozw\u00f3j przyczynia si\u0119 do dobrostanu spo\u0142ecze\u0144stwa?<\/p>\n<p>Ks. Marian Machinek MSF<\/p>\n","protected":false},"excerpt":{"rendered":"<p>Campus Polska Przysz\u0142o\u015bci by\u0142 pomy\u015blany jako swego rodzaju szko\u0142a letnia przeznaczona dla m\u0142odych lider\u00f3w i aktywist\u00f3w, st\u0105d zapewne wybrano jako miejsce odbywaj\u0105cej si\u0119 w dniach od 27 sierpnia do 2 wrze\u015bnia 2021 imprezy rozleg\u0142y obszar Uniwersytetu Warmi\u0144sko-Mazurskiego w Olsztynie. To jeden z naj\u0142adniejszych i najrozleglejszych kampus\u00f3w uniwersyteckich w Polsce. Na jego terenie znajduj\u0105 si\u0119 nie &hellip; <\/p>\n<p class=\"link-more\"><a href=\"https:\/\/machinek.pl\/?p=1179\" class=\"more-link\">Czytaj dalej<span class=\"screen-reader-text\"> \u201eOpi\u0142owywanie katolik\u00f3w\u201d<\/span><\/a><\/p>\n","protected":false},"author":2,"featured_media":0,"comment_status":"closed","ping_status":"","sticky":false,"template":"","format":"standard","meta":{"footnotes":""},"categories":[1],"tags":[],"class_list":["post-1179","post","type-post","status-publish","format-standard","hentry","category-non-classe"],"_links":{"self":[{"href":"https:\/\/machinek.pl\/index.php?rest_route=\/wp\/v2\/posts\/1179","targetHints":{"allow":["GET"]}}],"collection":[{"href":"https:\/\/machinek.pl\/index.php?rest_route=\/wp\/v2\/posts"}],"about":[{"href":"https:\/\/machinek.pl\/index.php?rest_route=\/wp\/v2\/types\/post"}],"author":[{"embeddable":true,"href":"https:\/\/machinek.pl\/index.php?rest_route=\/wp\/v2\/users\/2"}],"replies":[{"embeddable":true,"href":"https:\/\/machinek.pl\/index.php?rest_route=%2Fwp%2Fv2%2Fcomments&post=1179"}],"version-history":[{"count":1,"href":"https:\/\/machinek.pl\/index.php?rest_route=\/wp\/v2\/posts\/1179\/revisions"}],"predecessor-version":[{"id":1180,"href":"https:\/\/machinek.pl\/index.php?rest_route=\/wp\/v2\/posts\/1179\/revisions\/1180"}],"wp:attachment":[{"href":"https:\/\/machinek.pl\/index.php?rest_route=%2Fwp%2Fv2%2Fmedia&parent=1179"}],"wp:term":[{"taxonomy":"category","embeddable":true,"href":"https:\/\/machinek.pl\/index.php?rest_route=%2Fwp%2Fv2%2Fcategories&post=1179"},{"taxonomy":"post_tag","embeddable":true,"href":"https:\/\/machinek.pl\/index.php?rest_route=%2Fwp%2Fv2%2Ftags&post=1179"}],"curies":[{"name":"wp","href":"https:\/\/api.w.org\/{rel}","templated":true}]}}