{"id":1772,"date":"2025-05-12T16:29:18","date_gmt":"2025-05-12T14:29:18","guid":{"rendered":"https:\/\/machinek.pl\/?p=1772"},"modified":"2025-05-12T16:29:18","modified_gmt":"2025-05-12T14:29:18","slug":"papiez-leon","status":"publish","type":"post","link":"https:\/\/machinek.pl\/?p=1772","title":{"rendered":"Papie\u017c Leon"},"content":{"rendered":"<p>Powodem, dla kt\u00f3rego wielu komentator\u00f3w telewizyjnych zamilk\u0142o, kiedy kardyna\u0142 protodiakon og\u0142osi\u0142 z lo\u017cy Bazyliki \u015bw. Piotra nazwisko nowo wybranego papie\u017ca, by\u0142 zapewne nie tylko zag\u0142uszaj\u0105cy wszystko okrzyk dziesi\u0105tek tysi\u0119cy ludzi zgromadzonych na placu przed bazylik\u0105. Powodem by\u0142o te\u017c, a mo\u017ce przede wszystkim, ca\u0142kowite zaskoczenie i gor\u0105czkowe poszukiwanie jakich\u015b strz\u0119p\u00f3w informacji wraz z pytaniem: \u201eKto to w og\u00f3le jest ten Robert Franciszek Prevost?!\u201d Nie tylko dla dziennikarzy, ale dla ogromnej wi\u0119kszo\u015bci wiernych wyb\u00f3r kardyna\u0142\u00f3w by\u0142 zaskakuj\u0105cy. I trzeba doceni\u0107 ich suwerenno\u015b\u0107 w podj\u0119ciu tej decyzji o niezwyk\u0142ej wadze, jak\u0105 jest wyb\u00f3r papie\u017ca prze\u0142omu drugiej i trzeciej dekady XXI w. Niew\u0105tpliwie trzeba tak\u017ce doceni\u0107 suwerenno\u015b\u0107 kardyna\u0142a Prevosta, z jak\u0105 podj\u0105\u0142 pierwsze decyzje zwi\u0105zane zar\u00f3wno z tym, jakie wybierze imi\u0119, jak i z tym, w jakim stroju uka\u017ce si\u0119 wiernym i jakie b\u0119d\u0105 jego pierwsze s\u0142owa.<!--more--><\/p>\n<p>Imi\u0119, kt\u00f3re wybra\u0142 nowy papie\u017c, jest dla wielu r\u00f3wnie\u017c zaskakuj\u0105ce. Jego wyb\u00f3r mo\u017ce by\u0107 ilustracj\u0105 wypowiedzi jednego z kardyna\u0142\u00f3w, kt\u00f3ry zapytany, czy nowy papie\u017c b\u0119dzie kontynuowa\u0142 \u201elini\u0119 papie\u017ca Franciszka\u201d, czy te\u017c si\u0119 od niej zdystansuje, odpar\u0142, \u017ce kardyna\u0142owie nie wybierali nast\u0119pcy papie\u017ca Franciszka, ale nast\u0119pc\u0119 \u015bw. Piotra. \u00a0Imi\u0119 Leon XIV ka\u017ce intuicyjnie przywo\u0142a\u0107 posta\u0107 ostatniego papie\u017ca o tym imieniu, Leona XIII, kt\u00f3ry sprawowa\u0142 w\u0142adz\u0119 pastersk\u0105 nad Ko\u015bcio\u0142em w latach\u00a0 1878-1903. To w\u0142a\u015bnie on by\u0142 autorem s\u0142ynnej encykliki spo\u0142ecznej <em>Rerum novarum<\/em>, kt\u00f3ra by\u0142a mocnym g\u0142osem przypominaj\u0105cym potrzeb\u0119 poddania dokonuj\u0105cej si\u0119 rewolucji przemys\u0142owej zasadom etycznym. Nada\u0142 on aktualn\u0105 posta\u0107 katolickiej nauce spo\u0142ecznej, upominaj\u0105c si\u0119 m.in. o prawa robotnik\u00f3w, wyzyskiwanych i traktowanych niegodnie w czasach rodz\u0105cego si\u0119 kapitalizmu. Anga\u017cowa\u0142 si\u0119 tak\u017ce w aktywn\u0105 dyplomacj\u0119, doprowadzaj\u0105c m.in. do zako\u0144czenia prze\u015bladowa\u0144 katolik\u00f3w w ramach tzw. Kulturkampfu w Niemczech, czy te\u017c nawi\u0105zuj\u0105c relacje dyplomatyczne z \u00f3wczesn\u0105 Rosj\u0105. Leon XIII jest te\u017c autorem modlitwy do \u015bw. Micha\u0142a Archanio\u0142a, kt\u00f3ra od kilkunastu lat jest znowu odmawiana w wielu polskich ko\u015bcio\u0142ach po zako\u0144czeniu ka\u017cdej Eucharystii.<\/p>\n<p>Ale mo\u017ce gdzie\u015b w tle by\u0142 tak\u017ce inny papie\u017c o tym imieniu \u2013 Leon Wielki, zasiadaj\u0105cy na Stolicy Apostolskiej w latach 440-461. Zosta\u0142 on nie tylko og\u0142oszony \u015bwi\u0119tym, ale tak\u017ce doktorem Ko\u015bcio\u0142a, tzn. kim\u015b, kto w szczeg\u00f3lnie g\u0142\u0119boki spos\u00f3b osi\u0105gn\u0105\u0142 rozumienie prawd wiary chrze\u015bcija\u0144skiej. \u015aw. Leon Wielki zapobieg\u0142 zniszczeniu Rzymu\u00a0 i ca\u0142ej Italii przez napieraj\u0105ce wtedy ludy barbarzy\u0144skie, negocjuj\u0105c z ich przyw\u00f3dc\u0105, Atyll\u0105. Uczestniczy\u0142 tak\u017ce w Soborze Chalcedo\u0144skim, kt\u00f3ry ostatecznie sformu\u0142owa\u0142 dogmat o tym, \u017ce Jezus Chrystus jest prawdziwym Bogiem i prawdziwym cz\u0142owiekiem, a te dwie natury s\u0105 zjednoczone w Jednej Osobie.<\/p>\n<p>Zapewne te postacie dawnych papie\u017cy mia\u0142y wp\u0142yw na wyb\u00f3r imienia przez Leona XIV. Warto jednak zauwa\u017cy\u0107 tak\u017ce inne znaki jego swoistej niezale\u017cno\u015bci. Ukazuj\u0105c si\u0119 po raz pierwszy wiernym na balkonie Bazyliki \u015bw. Piotra, powr\u00f3ci\u0142 do tradycyjnego ubioru, z mucetem (czerwon\u0105 pelerynk\u0105) oraz stu\u0142\u0105 z wyobra\u017ceniami aposto\u0142\u00f3w. Znalaz\u0142 te\u017c pozdrowienie, kt\u00f3re odr\u00f3\u017cnia go od jego poprzednik\u00f3w, ale jednocze\u015bnie jest g\u0142\u0119boko biblijne i nawi\u0105zuje do ewangelicznych spotka\u0144 aposto\u0142\u00f3w z Jezusem zmartwychwsta\u0142ym.<\/p>\n<p>Ka\u017cdy papie\u017c jest sk\u0105d\u015b \u2013 pochodzi z konkretnego miejsca na ziemi i niesie ze sob\u0105 ca\u0142e bogactwo i ca\u0142y baga\u017c swojej rodzinnej historii oraz \u015brodowiska i kultury, w kt\u00f3rych przysz\u0142o mu wzrasta\u0107. Nie tylko nie mo\u017ce, ale tak\u017ce nie powinien zaprzecza\u0107 swoim korzeniom. Powinien raczej pr\u00f3bowa\u0107 wprz\u0105c te wszystkie ludzkie czynniki w zadanie bycia pierwszym \u015bwiadkiem Chrystusa i w s\u0142u\u017cb\u0119 jedno\u015bci. Po to ostatecznie zosta\u0142 wybrany: aby by\u0107 znakiem jedno\u015bci, aby s\u0142u\u017cy\u0107 jedno\u015bci i zapobiega\u0107 roz\u0142amom, przypominaj\u0105c kluczowe prawdy, wsp\u00f3lne dla wszystkich, kt\u00f3rzy mieni\u0105 si\u0119 by\u0107 katolikami.<\/p>\n<p>Dotychczasowa droga \u017cyciowa Leona XIV wr\u0119cz predestynuje go do tej roli. Jest urodzonym Amerykaninem, kt\u00f3ry wzrasta\u0142 i ucz\u0119szcza\u0142 do szko\u0142y podstawowej na przedmie\u015bciach Chicago. P\u00f3\u017aniej uko\u0144czy\u0142 studia licencjackie z matematyki na Uniwersytecie Villanova w Pensylwanii, a nast\u0119pnie uzyska\u0142 dyplom z teologii w Katolickim Uniwersytecie Teologicznym w Chicago. Jednak p\u00f3\u017aniejsze studia i praca duszpasterska zwi\u0105zane s\u0105 ju\u017c najpierw z Rzymem, gdzie uzyska\u0142 stopie\u0144 doktora prawa kanonicznego, a potem z Peru, gdzie najpierw przez ponad dekad\u0119 pracowa\u0142 jako misjonarz, a p\u00f3\u017aniej jako biskup i kt\u00f3rego sta\u0142 si\u0119 obywatelem. Pe\u0142ni\u0142 te\u017c szereg funkcji kierowniczych w zakonie augustian\u00f3w, kt\u00f3rego jest cz\u0142onkiem.\u00a0 Dopiero niedawno, bo w roku 2023 zosta\u0142 kardyna\u0142em. Leon XIV \u0142\u0105czy wi\u0119c w jaki\u015b spos\u00f3b w swojej osobie r\u00f3\u017cne, cz\u0119sto dzisiaj skonfliktowane \u015bwiaty, kultury i mentalno\u015bci.<\/p>\n<p>Solidna formacja zakonna sprawia, \u017ce mo\u017cna oczekiwa\u0107 od papie\u017ca Leona XIV, \u017ce zdo\u0142a przywr\u00f3ci\u0107 i podtrzyma\u0107 pok\u00f3j i jedno\u015b\u0107 w Ko\u015bciele, pokazuj\u0105c na nowo to, co najistotniejsze w chrze\u015bcija\u0144skiej wierze. Jest te\u017c oczywiste, \u017ce nie zdo\u0142a spe\u0142ni\u0107 wszystkich oczekiwa\u0144, jakie wi\u0105zane s\u0105 z jego pontyfikatem. Jednak jego rol\u0105 wcale nie jest podobanie si\u0119 wszystkim, ale \u2013 zgodnie ze s\u0142owami samego Chrystusa \u2013 umacnianie braci w wierze (por. \u0141k 22, 32). Aby temu sprosta\u0107, b\u0119dzie musia\u0142 \u0142\u0105czy\u0107 \u0142agodno\u015b\u0107 ze stanowczo\u015bci\u0105, spontaniczn\u0105 rado\u015b\u0107 z powag\u0105 wiary, otwarto\u015b\u0107 na inaczej my\u015bl\u0105cych z klarown\u0105 \u015bwiadomo\u015bci\u0105 w\u0142asnej to\u017csamo\u015bci, mi\u0142o\u015b\u0107 ze sprawiedliwo\u015bci\u0105.<\/p>\n<p>Dobrym znakiem takiej w\u0142a\u015bnie postawy by\u0142y pierwsze s\u0142owa Leona XIV wypowiedziane z balkonu Bazyliki \u015bw. Piotra: &#8222;Niech pok\u00f3j b\u0119dzie z wami wszystkimi, najdro\u017csi bracia i siostry. Takie by\u0142o pierwsze pozdrowienie Chrystusa zmartwychwsta\u0142ego, Dobrego Pasterza, kt\u00f3ry odda\u0142 \u017cycie za Bo\u017c\u0105 owczarni\u0119. Ja tak\u017ce chcia\u0142bym, by to pozdrowienie pokoju dotar\u0142o do naszych serc, dotar\u0142o do waszych rodzin, do wszystkich ludzi, gdziekolwiek si\u0119 znajduj\u0105, do wszystkich lud\u00f3w, do ca\u0142ej ziemi. Pok\u00f3j wam!\u201c<\/p>\n<p>Ks. Marian Machinek MSF<\/p>\n","protected":false},"excerpt":{"rendered":"<p>Powodem, dla kt\u00f3rego wielu komentator\u00f3w telewizyjnych zamilk\u0142o, kiedy kardyna\u0142 protodiakon og\u0142osi\u0142 z lo\u017cy Bazyliki \u015bw. Piotra nazwisko nowo wybranego papie\u017ca, by\u0142 zapewne nie tylko zag\u0142uszaj\u0105cy wszystko okrzyk dziesi\u0105tek tysi\u0119cy ludzi zgromadzonych na placu przed bazylik\u0105. Powodem by\u0142o te\u017c, a mo\u017ce przede wszystkim, ca\u0142kowite zaskoczenie i gor\u0105czkowe poszukiwanie jakich\u015b strz\u0119p\u00f3w informacji wraz z pytaniem: \u201eKto to &hellip; <\/p>\n<p class=\"link-more\"><a href=\"https:\/\/machinek.pl\/?p=1772\" class=\"more-link\">Czytaj dalej<span class=\"screen-reader-text\"> \u201ePapie\u017c Leon\u201d<\/span><\/a><\/p>\n","protected":false},"author":2,"featured_media":0,"comment_status":"closed","ping_status":"","sticky":false,"template":"","format":"standard","meta":{"footnotes":""},"categories":[1],"tags":[],"class_list":["post-1772","post","type-post","status-publish","format-standard","hentry","category-non-classe"],"_links":{"self":[{"href":"https:\/\/machinek.pl\/index.php?rest_route=\/wp\/v2\/posts\/1772","targetHints":{"allow":["GET"]}}],"collection":[{"href":"https:\/\/machinek.pl\/index.php?rest_route=\/wp\/v2\/posts"}],"about":[{"href":"https:\/\/machinek.pl\/index.php?rest_route=\/wp\/v2\/types\/post"}],"author":[{"embeddable":true,"href":"https:\/\/machinek.pl\/index.php?rest_route=\/wp\/v2\/users\/2"}],"replies":[{"embeddable":true,"href":"https:\/\/machinek.pl\/index.php?rest_route=%2Fwp%2Fv2%2Fcomments&post=1772"}],"version-history":[{"count":1,"href":"https:\/\/machinek.pl\/index.php?rest_route=\/wp\/v2\/posts\/1772\/revisions"}],"predecessor-version":[{"id":1773,"href":"https:\/\/machinek.pl\/index.php?rest_route=\/wp\/v2\/posts\/1772\/revisions\/1773"}],"wp:attachment":[{"href":"https:\/\/machinek.pl\/index.php?rest_route=%2Fwp%2Fv2%2Fmedia&parent=1772"}],"wp:term":[{"taxonomy":"category","embeddable":true,"href":"https:\/\/machinek.pl\/index.php?rest_route=%2Fwp%2Fv2%2Fcategories&post=1772"},{"taxonomy":"post_tag","embeddable":true,"href":"https:\/\/machinek.pl\/index.php?rest_route=%2Fwp%2Fv2%2Ftags&post=1772"}],"curies":[{"name":"wp","href":"https:\/\/api.w.org\/{rel}","templated":true}]}}