{"id":1776,"date":"2025-06-20T20:22:27","date_gmt":"2025-06-20T18:22:27","guid":{"rendered":"https:\/\/machinek.pl\/?p=1776"},"modified":"2025-06-20T20:22:27","modified_gmt":"2025-06-20T18:22:27","slug":"meczenniczki-czasow-czerwonego-bezprawia","status":"publish","type":"post","link":"https:\/\/machinek.pl\/?p=1776","title":{"rendered":"M\u0119czenniczki czas\u00f3w czerwonego bezprawia"},"content":{"rendered":"<p>Ludzko\u015b\u0107 od wiek\u00f3w pr\u00f3bowa\u0142a \u201eucywilizowa\u0107\u201d wojn\u0119, ustanawiaj\u0105c nie tylko <em>ius ad bellum<\/em> (\u201eprawo do wojny\u201d \u2013 zasady decyduj\u0105ce o tym, kiedy wojna jest usprawiedliwiona), ale tak\u017ce <em>ius in bello<\/em> (\u201eprawo wojenne\u201d \u2013 zasady, jakich strony konfliktu zbrojnego powinny przestrzega\u0107, kiedy wojna ju\u017c wybuchnie). Zazwyczaj jednak walcz\u0105ce strony bardzo szybko zapominaj\u0105 o wcze\u015bniej ratyfikowanych postanowieniach. Jakiekolwiek humanitarne hamulce przestaj\u0105 dzia\u0142a\u0107 szczeg\u00f3lnie wtedy, gdy \u017co\u0142nierze maj\u0105 subiektywne przekonanie, \u017ce stoj\u0105 po w\u0142a\u015bciwej stronie historii, wzmocnione jeszcze przez poczucie bezkarno\u015bci (bo zwyci\u0119zc\u00f3w si\u0119 pono\u0107 nie s\u0105dzi!). Mimo tych powtarzaj\u0105cych si\u0119 w ka\u017cdej wojnie schemat\u00f3w, zachowanie \u017co\u0142nierzy Armii Czerwonej na terenach \u00f3wczesnych Prus Wschodnich w pierwszych miesi\u0105cach 1945 r. przekroczy\u0142o wszystkie ludzkie i moralne granice.<!--more--><\/p>\n<p>Radziecka armia okaza\u0142a si\u0119 na tych terenach armi\u0105 gwa\u0142cicieli i morderc\u00f3w. Ich ofiarami sta\u0142a si\u0119 ludno\u015b\u0107 cywilna, szczeg\u00f3lnie kobiety od najm\u0142odszych do bardzo ju\u017c wiekowych (w jednej ze zbiorowych zbrodni w tym czasie na Warmii najm\u0142odsza zgwa\u0142cona kobieta mia\u0142a 8 lat, a najstarsza \u2013 84). Do tych niebywa\u0142ych okrucie\u0144stw doprowadzi\u0142a z jednej strony komunistyczna ideologia, powi\u0105zana z indoktrynacj\u0105, zgodnie z kt\u00f3r\u0105 jakikolwiek objaw lito\u015bci wobec ludno\u015bci niemieckiej, szczeg\u00f3lnie wobec kobiet, by\u0142 traktowany niemal\u017ce jako zdrada. Z drugiej strony przyczyn\u0105 by\u0142o zezwolenie, a nawet nacisk ze strony dow\u00f3dc\u00f3w, aby mo\u017cliwie wszyscy \u017co\u0142nierze uczestniczyli w krwawych orgiach zbiorowej zemsty. Op\u00f3\u017aniona ewakuacja ludno\u015bci niemieckoj\u0119zycznej z teren\u00f3w dzisiejszych Mazur i Warmii sprawi\u0142a, \u017ce ca\u0142e kolumny uciekinier\u00f3w dostawa\u0142y si\u0119 pod ostrza\u0142 sowieckich samolot\u00f3w, a ci, kt\u00f3rzy natkn\u0119li si\u0119 na oddzia\u0142y Armii Czerwonej czeka\u0142 jeszcze gorszy los. Zgodnie z p\u00f3\u017aniejszymi statystykami liczba zgwa\u0142conych przez czerwonoarmist\u00f3w kobiet w 1945 r. na terenach niemieckich si\u0119ga\u0142a dw\u00f3ch milion\u00f3w.<\/p>\n<p>Okrutny los sta\u0142 si\u0119 te\u017c udzia\u0142em dziesi\u0105tek si\u00f3str zakonnych nale\u017c\u0105cych do zgromadzenia si\u00f3str katarzynek. W ostatnich miesi\u0105cach wojny zgin\u0119\u0142y w r\u00f3\u017cnych okoliczno\u015bciach 102 siostry z tej wsp\u00f3lnoty zakonnej. W dniu 31 maja 2025 w Braniewie odby\u0142a si\u0119 beatyfikacja s. Christophory Marty Klomfass oraz jej czternastu wsp\u00f3\u0142si\u00f3str, cz\u0142onki\u0144 \u00a0zgromadzenia \u015bw. Katarzyny. To typowo warmi\u0144skie zgromadzenie zosta\u0142o za\u0142o\u017cone w Braniewie w 1571 r. przez b\u0142. Regin\u0119 Protmann. Sta\u0142o si\u0119 ono pierwszym w Ko\u015bciele katolickim \u017ce\u0144skim zgromadzeniem kontemplacyjno-czynnym, kt\u00f3re powsta\u0142o na fali odnowy \u017cycia katolickiego mocno os\u0142abionego przez Reformacj\u0119. Mocny impuls do tej odnowy da\u0142 Sob\u00f3r Trydencki. Do cel\u00f3w zgromadzenia nale\u017ca\u0142y opieka nad ubogimi i opuszczonymi, szczeg\u00f3lnie s\u0142u\u017cba chorym, ale tak\u017ce kszta\u0142cenie dziewcz\u0105t (siostry prowadzi\u0142y kilkana\u015bcie szk\u00f3\u0142 podstawowych oraz internat\u00f3w dla dziewcz\u0105t), jak i troska o \u015bwi\u0105tynie, szaty i paramenty liturgiczne dla jak najbardziej godnego sprawowania liturgii.\u00a0\u00a0\u00a0\u00a0<\/p>\n<p>Wi\u0119kszo\u015b\u0107 si\u00f3str-m\u0119czenniczek pochodzi\u0142o z Warmii, z lokalnych, przewa\u017cnie niemieckoj\u0119zycznych rodzin, na co wskazuj\u0105 ich nazwiska. Praca si\u00f3str by\u0142a ograniczana i poddawana restrykcjom ju\u017c w okresie przedwojennym, a jeszcze bardziej po wybuchu wojny, kiedy w\u0142adze nazistowskie nakaza\u0142y zamkni\u0119cie wielu plac\u00f3wek prowadzonych przez siostry. W czasie chaotycznej ucieczki niemieckiej ludno\u015bci cywilnej w ostatnich miesi\u0105cach wojny niekt\u00f3re siostry towarzyszy\u0142y uchod\u017acom, a inne pozosta\u0142y ze swymi podopiecznymi, dzie\u0107mi i osobami w podesz\u0142ym wieku, niezdolnymi do podr\u00f3\u017cy. Cz\u0119\u015b\u0107 z si\u00f3str zosta\u0142a zgwa\u0142cona lub zmar\u0142a w wyniku odniesionych ran, broni\u0105c swojej godno\u015bci. Inne zmar\u0142y w wyniku ci\u0119\u017ckiego pobicia lub te\u017c wycie\u0144czenia w sowieckich \u0142agrach. Siostry sta\u0142y si\u0119 ofiarami zemsty na niemieckiej ludno\u015bci cywilnej, ale tak\u017ce nienawi\u015bci ateistycznej ideologii do wszystkiego, co zwi\u0105zane z wiar\u0105 chrze\u015bcija\u0144sk\u0105. Ich habity stanowi\u0142y znak wiary i moralno\u015bci, z kt\u00f3r\u0105 ideologia sowiecka walczy\u0142a z bezprzyk\u0142adn\u0105 bezwzgl\u0119dno\u015bci\u0105. Pami\u0119\u0107 o ofierze si\u00f3str nie zagin\u0119\u0142a, mimo i\u017c w ca\u0142ym okresie PRLu nie wolno by\u0142o wspomina\u0107 tych wydarze\u0144, a \u017co\u0142nierzom Armii Czerwonej stawiano pomniki jako wyzwolicielom, kt\u00f3rzy \u2013 jak g\u0142osi\u0142a sowiecka propaganda \u2013 na \u00f3wczesnych niemieckich ziemiach zachowywali si\u0119 humanitarnie i godnie. Sprawcy bestialstwa z 1945 r. nigdy nie zostali os\u0105dzeni i poci\u0105gni\u0119ci do odpowiedzialno\u015bci za swoje czyny. Braniewska beatyfikacja to przywr\u00f3cenie pami\u0119ci tym, kt\u00f3re nawet w samym \u015brodku piek\u0142a na ziemi zachowa\u0142y wierno\u015b\u0107 temu, co \u015bwi\u0119te.<\/p>\n<p>Pami\u0119\u0107 tych wydarze\u0144 sprzed osiemdziesi\u0119ciu lat sk\u0142ania najpierw do szerokiego spojrzenia na histori\u0119 Ko\u015bcio\u0142a od strony ofiary krwi tych, kt\u00f3rzy nawet w najgorszych okoliczno\u015bciach ocalili wiar\u0119 i wierno\u015b\u0107 Chrystusowi. Warmi\u0144skie m\u0119czenniczki do\u0142\u0105czy\u0142y do niezliczonego grona uczennic i uczni\u00f3w Chrystusa, kt\u00f3rzy za wierno\u015b\u0107 swojej wierze zap\u0142acili najwy\u017csz\u0105 cen\u0119. Autentyzm ich ofiary pokazuje si\u0119 tak\u017ce w tym, \u017ce wobec okrucie\u0144stwa swych oprawc\u00f3w ocalili nie tylko sw\u0105 wiar\u0119, ale \u017ce B\u00f3g pozwoli\u0142 zachowa\u0107 ich serca od nienawi\u015bci i z\u0142orzeczenia. Okoliczno\u015bci m\u0119cze\u0144stwa si\u00f3str katarzynek pokazuj\u0105 jednak tak\u017ce ponur\u0105 prawid\u0142owo\u015b\u0107 ludzkiej historii. Tam, gdzie zostaje ona zafa\u0142szowana w imi\u0119 ideologii, gdzie sprawcy okrucie\u0144stw nie s\u0105 gotowi do ekspiacji, pokuty i zado\u015b\u0107uczynienia i nie zostan\u0105 os\u0105dzeni, tam mentalno\u015b\u0107, kt\u00f3ra doprowadzi\u0142a do ich zbrodniczych czyn\u00f3w staje si\u0119 cz\u0119\u015bci\u0105 samo\u015bwiadomo\u015bci ca\u0142ych narod\u00f3w. Wystarczy potem, \u017ce pojawi\u0105 si\u0119 sprzyjaj\u0105ce okoliczno\u015bci, a do historii ludzkiego okrucie\u0144stwa zostaje dodany nowy, ciemny rozdzia\u0142.<\/p>\n<p>\u00a0 \u00a0 \u00a0 \u00a0 \u00a0 \u00a0 \u00a0 \u00a0 \u00a0 \u00a0 \u00a0 \u00a0 \u00a0 \u00a0 \u00a0 \u00a0 \u00a0 \u00a0 \u00a0 \u00a0 \u00a0 \u00a0 \u00a0 \u00a0 \u00a0 \u00a0 \u00a0 \u00a0 \u00a0 \u00a0 \u00a0 \u00a0 \u00a0 \u00a0 \u00a0 \u00a0 \u00a0 \u00a0 \u00a0 \u00a0 \u00a0 \u00a0 \u00a0 \u00a0 \u00a0 \u00a0 \u00a0 \u00a0 \u00a0 \u00a0 \u00a0 \u00a0 \u00a0 \u00a0 \u00a0 \u00a0 \u00a0 \u00a0 \u00a0 \u00a0 \u00a0 \u00a0 \u00a0 \u00a0 \u00a0 Ks. Marian Machinek MSF<\/p>\n\n\n<p><\/p>\n","protected":false},"excerpt":{"rendered":"<p>Ludzko\u015b\u0107 od wiek\u00f3w pr\u00f3bowa\u0142a \u201eucywilizowa\u0107\u201d wojn\u0119, ustanawiaj\u0105c nie tylko ius ad bellum (\u201eprawo do wojny\u201d \u2013 zasady decyduj\u0105ce o tym, kiedy wojna jest usprawiedliwiona), ale tak\u017ce ius in bello (\u201eprawo wojenne\u201d \u2013 zasady, jakich strony konfliktu zbrojnego powinny przestrzega\u0107, kiedy wojna ju\u017c wybuchnie). Zazwyczaj jednak walcz\u0105ce strony bardzo szybko zapominaj\u0105 o wcze\u015bniej ratyfikowanych postanowieniach. Jakiekolwiek &hellip; <\/p>\n<p class=\"link-more\"><a href=\"https:\/\/machinek.pl\/?p=1776\" class=\"more-link\">Czytaj dalej<span class=\"screen-reader-text\"> \u201eM\u0119czenniczki czas\u00f3w czerwonego bezprawia\u201d<\/span><\/a><\/p>\n","protected":false},"author":2,"featured_media":0,"comment_status":"closed","ping_status":"","sticky":false,"template":"","format":"standard","meta":{"footnotes":""},"categories":[1],"tags":[],"class_list":["post-1776","post","type-post","status-publish","format-standard","hentry","category-non-classe"],"_links":{"self":[{"href":"https:\/\/machinek.pl\/index.php?rest_route=\/wp\/v2\/posts\/1776","targetHints":{"allow":["GET"]}}],"collection":[{"href":"https:\/\/machinek.pl\/index.php?rest_route=\/wp\/v2\/posts"}],"about":[{"href":"https:\/\/machinek.pl\/index.php?rest_route=\/wp\/v2\/types\/post"}],"author":[{"embeddable":true,"href":"https:\/\/machinek.pl\/index.php?rest_route=\/wp\/v2\/users\/2"}],"replies":[{"embeddable":true,"href":"https:\/\/machinek.pl\/index.php?rest_route=%2Fwp%2Fv2%2Fcomments&post=1776"}],"version-history":[{"count":1,"href":"https:\/\/machinek.pl\/index.php?rest_route=\/wp\/v2\/posts\/1776\/revisions"}],"predecessor-version":[{"id":1777,"href":"https:\/\/machinek.pl\/index.php?rest_route=\/wp\/v2\/posts\/1776\/revisions\/1777"}],"wp:attachment":[{"href":"https:\/\/machinek.pl\/index.php?rest_route=%2Fwp%2Fv2%2Fmedia&parent=1776"}],"wp:term":[{"taxonomy":"category","embeddable":true,"href":"https:\/\/machinek.pl\/index.php?rest_route=%2Fwp%2Fv2%2Fcategories&post=1776"},{"taxonomy":"post_tag","embeddable":true,"href":"https:\/\/machinek.pl\/index.php?rest_route=%2Fwp%2Fv2%2Ftags&post=1776"}],"curies":[{"name":"wp","href":"https:\/\/api.w.org\/{rel}","templated":true}]}}